[{"@context":"https:\/\/schema.org\/","@type":"Article","@id":"https:\/\/www.tomvild.cz\/zacnete-jezdit-prijemnejsim-a-rychlejsim-zpusobem\/#Article","mainEntityOfPage":"https:\/\/www.tomvild.cz\/zacnete-jezdit-prijemnejsim-a-rychlejsim-zpusobem\/","headline":"Za\u010dn\u011bte jezdit p\u0159\u00edjemn\u011bj\u0161\u00edm a rychlej\u0161\u00edm zp\u016fsobem","name":"Za\u010dn\u011bte jezdit p\u0159\u00edjemn\u011bj\u0161\u00edm a rychlej\u0161\u00edm zp\u016fsobem","description":"Nechcete investovat do sk\u00fatru, ale na klasick\u00e9m kole se v\u00e1m ji\u017e tak\u00e9 dob\u0159e nejezd\u00ed? Jestli\u017ee tedy chcete n\u011bjak\u00fd kompromis mezi t\u011bmito mo\u017enostmi, pak v\u011b\u0159te, \u017ee skv\u011blou volbou bude elektrokolo, kter\u00e9 je ide\u00e1ln\u00ed investic\u00ed jak pro<a class=\"moretag\" href=\"https:\/\/www.tomvild.cz\/zacnete-jezdit-prijemnejsim-a-rychlejsim-zpusobem\/\"> Read more&hellip;<\/a>","datePublished":"2023-11-20","dateModified":"2023-11-20","author":{"@type":"Person","@id":"https:\/\/www.tomvild.cz\/author\/#Person","name":"tomvild.cz","url":"https:\/\/www.tomvild.cz\/author\/","identifier":1,"image":{"@type":"ImageObject","@id":"https:\/\/secure.gravatar.com\/avatar\/d6cba3ab97c30e0df0e32548954cb6b1550f4672bd3a4687bf1118b122d757e8?s=96&d=mm&r=g","url":"https:\/\/secure.gravatar.com\/avatar\/d6cba3ab97c30e0df0e32548954cb6b1550f4672bd3a4687bf1118b122d757e8?s=96&d=mm&r=g","height":96,"width":96}},"publisher":{"@type":"Organization","name":"tomvild.cz","logo":{"@type":"ImageObject","@id":"\/logo.png","url":"\/logo.png","width":600,"height":60}},"url":"https:\/\/www.tomvild.cz\/zacnete-jezdit-prijemnejsim-a-rychlejsim-zpusobem\/","wordCount":212,"articleBody":"Nechcete investovat do sk\u00fatru, ale na klasick\u00e9m kole se v\u00e1m ji\u017e tak\u00e9 dob\u0159e nejezd\u00ed? Jestli\u017ee tedy chcete n\u011bjak\u00fd kompromis mezi t\u011bmito mo\u017enostmi, pak v\u011b\u0159te, \u017ee skv\u011blou volbou bude elektrokolo, kter\u00e9 je ide\u00e1ln\u00ed investic\u00ed jak pro seniory, tak pro mlad\u00e9 lidi tou\u017e\u00edc\u00ed po z\u00e1bav\u011b. Velikou v\u00fdhodou tohoto technick\u00e9ho \u0159e\u0161en\u00ed je hlavn\u011b mo\u017enost cestovat s podporou \u0161lap\u00e1n\u00ed. To pro v\u00e1s znamen\u00e1 hlavn\u011b mo\u017enost ud\u011blat si vyj\u00ed\u017e\u010fku n\u011bkam do p\u0159\u00edrody i bez toho, abyste se p\u0159esp\u0159\u00edli\u0161 d\u0159eli a museli neust\u00e1le \u0159e\u0161it n\u011bjak\u00e9 nep\u0159\u00edjemnosti.P\u0159esuny budou o mnoho pohodln\u011bj\u0161\u00edJist\u011b se pt\u00e1te, co vlastn\u011b provoz takov\u00e9ho dopravn\u00edho prost\u0159edku obn\u00e1\u0161\u00ed. Nen\u00ed to v\u016fbec slo\u017eit\u00e9, ba naopak. Tento dopravn\u00ed prost\u0159edek m\u016f\u017eete pohodln\u011b nab\u00edjet z elektrick\u00e9 s\u00edt\u011b sv\u00e9ho domova, co\u017e pro v\u00e1s znamen\u00e1 mnoho dal\u0161\u00edch v\u00fdhod. Nejenom, \u017ee nebudete muset n\u011bjak slo\u017eit\u011b do tohoto prost\u0159edku tankovat benz\u00edn, ale tak\u00e9 nebudete neust\u00e1le vy\u0159\u00edzen\u00ed samotnou manipulaci a pohybem, kter\u00fd vyvinete k tomu, abyste se mohli s t\u00edmto prost\u0159edkem pohybovat po sv\u00e9m m\u011bst\u011b.                                                                                                                                                                                                                                                                                                                                                                                        4\/5 - (6 votes)        "},{"@context":"https:\/\/schema.org\/","@type":"BreadcrumbList","itemListElement":[{"@type":"ListItem","position":1,"name":"Za\u010dn\u011bte jezdit p\u0159\u00edjemn\u011bj\u0161\u00edm a rychlej\u0161\u00edm zp\u016fsobem","item":"https:\/\/www.tomvild.cz\/zacnete-jezdit-prijemnejsim-a-rychlejsim-zpusobem\/#breadcrumbitem"}]}]