{"@context":"https:\/\/schema.org\/","@type":"CollectionPage","@id":"https:\/\/www.tomvild.cz\/vyrobky\/#CollectionPage","headline":"V\u00fdrobky Category","description":"","url":"https:\/\/www.tomvild.cz\/vyrobky\/","hasPart":[{"@type":"Article","@id":"https:\/\/www.tomvild.cz\/jak-docilit-intenzivnejsich-prozitku\/","headline":"Jak doc\u00edlit intenzivn\u011bj\u0161\u00edch pro\u017eitk\u016f?","url":"https:\/\/www.tomvild.cz\/jak-docilit-intenzivnejsich-prozitku\/","datePublished":"2021-03-16","dateModified":"2023-11-20","mainEntityOfPage":"https:\/\/www.tomvild.cz\/jak-docilit-intenzivnejsich-prozitku\/","author":{"@type":"Person","@id":"https:\/\/www.tomvild.cz\/author\/#Person","name":"tomvild.cz","url":"https:\/\/www.tomvild.cz\/author\/","identifier":1,"image":{"@type":"ImageObject","@id":"https:\/\/secure.gravatar.com\/avatar\/d6cba3ab97c30e0df0e32548954cb6b1550f4672bd3a4687bf1118b122d757e8?s=96&d=mm&r=g","url":"https:\/\/secure.gravatar.com\/avatar\/d6cba3ab97c30e0df0e32548954cb6b1550f4672bd3a4687bf1118b122d757e8?s=96&d=mm&r=g","height":96,"width":96}},"publisher":{"@type":"Organization","name":"tomvild.cz","logo":{"@type":"ImageObject","@id":"\/logo.png","url":"\/logo.png","width":600,"height":60}},"image":{"@type":"ImageObject","@id":"https:\/\/www.tomvild.cz\/wp-content\/uploads\/kr%C3%A1sn%C3%A1%20%C5%BEena_2.jpg","url":"https:\/\/www.tomvild.cz\/wp-content\/uploads\/kr%C3%A1sn%C3%A1%20%C5%BEena_2.jpg","height":0,"width":0},"keywords":null},{"@type":"Article","@id":"https:\/\/www.tomvild.cz\/po-zime-doprejte-svemu-telu-ocistu-jak-se-detoxikovat-a-proc\/","headline":"Po zim\u011b dop\u0159ejte sv\u00e9mu t\u011blu o\u010distu &#8211; jak se detoxikovat a pro\u010d?","url":"https:\/\/www.tomvild.cz\/po-zime-doprejte-svemu-telu-ocistu-jak-se-detoxikovat-a-proc\/","datePublished":"2021-02-17","dateModified":"2023-04-29","mainEntityOfPage":"https:\/\/www.tomvild.cz\/po-zime-doprejte-svemu-telu-ocistu-jak-se-detoxikovat-a-proc\/","author":{"@type":"Person","@id":"https:\/\/www.tomvild.cz\/author\/#Person","name":"tomvild.cz","url":"https:\/\/www.tomvild.cz\/author\/","identifier":1,"image":{"@type":"ImageObject","@id":"https:\/\/secure.gravatar.com\/avatar\/d6cba3ab97c30e0df0e32548954cb6b1550f4672bd3a4687bf1118b122d757e8?s=96&d=mm&r=g","url":"https:\/\/secure.gravatar.com\/avatar\/d6cba3ab97c30e0df0e32548954cb6b1550f4672bd3a4687bf1118b122d757e8?s=96&d=mm&r=g","height":96,"width":96}},"publisher":{"@type":"Organization","name":"tomvild.cz","logo":{"@type":"ImageObject","@id":"\/logo.png","url":"\/logo.png","width":600,"height":60}},"image":{"@type":"ImageObject","@id":"https:\/\/www.tomvild.cz\/wp-content\/uploads\/pexels-photo-2647471.jpeg","url":"https:\/\/www.tomvild.cz\/wp-content\/uploads\/pexels-photo-2647471.jpeg","height":0,"width":0},"keywords":null},{"@type":"Article","@id":"https:\/\/www.tomvild.cz\/jak-na-utulny-domov\/","headline":"Jak na \u00fatuln\u00fd domov","url":"https:\/\/www.tomvild.cz\/jak-na-utulny-domov\/","datePublished":"2020-12-19","dateModified":"2023-04-29","mainEntityOfPage":"https:\/\/www.tomvild.cz\/jak-na-utulny-domov\/","author":{"@type":"Person","@id":"https:\/\/www.tomvild.cz\/author\/#Person","name":"tomvild.cz","url":"https:\/\/www.tomvild.cz\/author\/","identifier":1,"image":{"@type":"ImageObject","@id":"https:\/\/secure.gravatar.com\/avatar\/d6cba3ab97c30e0df0e32548954cb6b1550f4672bd3a4687bf1118b122d757e8?s=96&d=mm&r=g","url":"https:\/\/secure.gravatar.com\/avatar\/d6cba3ab97c30e0df0e32548954cb6b1550f4672bd3a4687bf1118b122d757e8?s=96&d=mm&r=g","height":96,"width":96}},"publisher":{"@type":"Organization","name":"tomvild.cz","logo":{"@type":"ImageObject","@id":"\/logo.png","url":"\/logo.png","width":600,"height":60}},"image":{"@type":"ImageObject","@id":"https:\/\/www.tomvild.cz\/wp-content\/uploads\/living-room-690174_1920.jpg","url":"https:\/\/www.tomvild.cz\/wp-content\/uploads\/living-room-690174_1920.jpg","height":0,"width":0},"keywords":null},{"@type":"Article","@id":"https:\/\/www.tomvild.cz\/mungo-klicky-si-vypestujete-doma-za-par-dnu\/","headline":"Mungo kl\u00ed\u010dky si vyp\u011bstujete doma za p\u00e1r dn\u016f","url":"https:\/\/www.tomvild.cz\/mungo-klicky-si-vypestujete-doma-za-par-dnu\/","datePublished":"2019-10-08","dateModified":"2023-04-29","mainEntityOfPage":"https:\/\/www.tomvild.cz\/mungo-klicky-si-vypestujete-doma-za-par-dnu\/","author":{"@type":"Person","@id":"https:\/\/www.tomvild.cz\/author\/#Person","name":"tomvild.cz","url":"https:\/\/www.tomvild.cz\/author\/","identifier":1,"image":{"@type":"ImageObject","@id":"https:\/\/secure.gravatar.com\/avatar\/d6cba3ab97c30e0df0e32548954cb6b1550f4672bd3a4687bf1118b122d757e8?s=96&d=mm&r=g","url":"https:\/\/secure.gravatar.com\/avatar\/d6cba3ab97c30e0df0e32548954cb6b1550f4672bd3a4687bf1118b122d757e8?s=96&d=mm&r=g","height":96,"width":96}},"publisher":{"@type":"Organization","name":"tomvild.cz","logo":{"@type":"ImageObject","@id":"\/logo.png","url":"\/logo.png","width":600,"height":60}},"image":{"@type":"ImageObject","@id":"https:\/\/www.tomvild.cz\/wp-content\/uploads\/img_a372518_w2411_t1583934519.jpg","url":"https:\/\/www.tomvild.cz\/wp-content\/uploads\/img_a372518_w2411_t1583934519.jpg","height":0,"width":0},"keywords":null},{"@type":"Article","@id":"https:\/\/www.tomvild.cz\/kdyz-odejde-teple-pocasi\/","headline":"Kdy\u017e odejde tepl\u00e9 po\u010das\u00ed","url":"https:\/\/www.tomvild.cz\/kdyz-odejde-teple-pocasi\/","datePublished":"2019-02-20","dateModified":"2023-04-29","mainEntityOfPage":"https:\/\/www.tomvild.cz\/kdyz-odejde-teple-pocasi\/","author":{"@type":"Person","@id":"https:\/\/www.tomvild.cz\/author\/#Person","name":"tomvild.cz","url":"https:\/\/www.tomvild.cz\/author\/","identifier":1,"image":{"@type":"ImageObject","@id":"https:\/\/secure.gravatar.com\/avatar\/d6cba3ab97c30e0df0e32548954cb6b1550f4672bd3a4687bf1118b122d757e8?s=96&d=mm&r=g","url":"https:\/\/secure.gravatar.com\/avatar\/d6cba3ab97c30e0df0e32548954cb6b1550f4672bd3a4687bf1118b122d757e8?s=96&d=mm&r=g","height":96,"width":96}},"publisher":{"@type":"Organization","name":"tomvild.cz","logo":{"@type":"ImageObject","@id":"\/logo.png","url":"\/logo.png","width":600,"height":60}},"image":{"@type":"ImageObject","@id":"https:\/\/www.tomvild.cz\/wp-content\/uploads\/img_a338178_w2411_t1551006120.jpg","url":"https:\/\/www.tomvild.cz\/wp-content\/uploads\/img_a338178_w2411_t1551006120.jpg","height":0,"width":0},"keywords":null},{"@type":"Article","@id":"https:\/\/www.tomvild.cz\/budeme-muset-koupit-novou-vahu\/","headline":"Budeme muset koupit novou v\u00e1hu","url":"https:\/\/www.tomvild.cz\/budeme-muset-koupit-novou-vahu\/","datePublished":"2019-01-19","dateModified":"2023-06-02","mainEntityOfPage":"https:\/\/www.tomvild.cz\/budeme-muset-koupit-novou-vahu\/","author":{"@type":"Person","@id":"https:\/\/www.tomvild.cz\/author\/#Person","name":"tomvild.cz","url":"https:\/\/www.tomvild.cz\/author\/","identifier":1,"image":{"@type":"ImageObject","@id":"https:\/\/secure.gravatar.com\/avatar\/d6cba3ab97c30e0df0e32548954cb6b1550f4672bd3a4687bf1118b122d757e8?s=96&d=mm&r=g","url":"https:\/\/secure.gravatar.com\/avatar\/d6cba3ab97c30e0df0e32548954cb6b1550f4672bd3a4687bf1118b122d757e8?s=96&d=mm&r=g","height":96,"width":96}},"publisher":{"@type":"Organization","name":"tomvild.cz","logo":{"@type":"ImageObject","@id":"\/logo.png","url":"\/logo.png","width":600,"height":60}},"image":{"@type":"ImageObject","@id":"https:\/\/www.tomvild.cz\/wp-content\/uploads\/img_a336721_w1733_t1550058002.jpg","url":"https:\/\/www.tomvild.cz\/wp-content\/uploads\/img_a336721_w1733_t1550058002.jpg","height":0,"width":0},"keywords":null},{"@type":"Article","@id":"https:\/\/www.tomvild.cz\/party-stan-je-pro-oslavy-vsech-typu-jako-stvoreny\/","headline":"P\u00e1rty stan je pro oslavy v\u0161ech typ\u016f jako stvo\u0159en\u00fd","url":"https:\/\/www.tomvild.cz\/party-stan-je-pro-oslavy-vsech-typu-jako-stvoreny\/","datePublished":"2018-11-09","dateModified":"2023-04-29","mainEntityOfPage":"https:\/\/www.tomvild.cz\/party-stan-je-pro-oslavy-vsech-typu-jako-stvoreny\/","author":{"@type":"Person","@id":"https:\/\/www.tomvild.cz\/author\/#Person","name":"tomvild.cz","url":"https:\/\/www.tomvild.cz\/author\/","identifier":1,"image":{"@type":"ImageObject","@id":"https:\/\/secure.gravatar.com\/avatar\/d6cba3ab97c30e0df0e32548954cb6b1550f4672bd3a4687bf1118b122d757e8?s=96&d=mm&r=g","url":"https:\/\/secure.gravatar.com\/avatar\/d6cba3ab97c30e0df0e32548954cb6b1550f4672bd3a4687bf1118b122d757e8?s=96&d=mm&r=g","height":96,"width":96}},"publisher":{"@type":"Organization","name":"tomvild.cz","logo":{"@type":"ImageObject","@id":"\/logo.png","url":"\/logo.png","width":600,"height":60}},"image":{"@type":"ImageObject","@id":"https:\/\/www.tomvild.cz\/wp-content\/uploads\/img_a329748_w1765_t1542357372.jpg","url":"https:\/\/www.tomvild.cz\/wp-content\/uploads\/img_a329748_w1765_t1542357372.jpg","height":0,"width":0},"keywords":null},{"@type":"Article","@id":"https:\/\/www.tomvild.cz\/pomocnou-ruku-nam-nabizi-dentalni-hygiena-liberec\/","headline":"Pomocnou ruku n\u00e1m nab\u00edz\u00ed dent\u00e1ln\u00ed hygiena Liberec","url":"https:\/\/www.tomvild.cz\/pomocnou-ruku-nam-nabizi-dentalni-hygiena-liberec\/","datePublished":"2018-09-05","dateModified":"2023-04-29","mainEntityOfPage":"https:\/\/www.tomvild.cz\/pomocnou-ruku-nam-nabizi-dentalni-hygiena-liberec\/","author":{"@type":"Person","@id":"https:\/\/www.tomvild.cz\/author\/#Person","name":"tomvild.cz","url":"https:\/\/www.tomvild.cz\/author\/","identifier":1,"image":{"@type":"ImageObject","@id":"https:\/\/secure.gravatar.com\/avatar\/d6cba3ab97c30e0df0e32548954cb6b1550f4672bd3a4687bf1118b122d757e8?s=96&d=mm&r=g","url":"https:\/\/secure.gravatar.com\/avatar\/d6cba3ab97c30e0df0e32548954cb6b1550f4672bd3a4687bf1118b122d757e8?s=96&d=mm&r=g","height":96,"width":96}},"publisher":{"@type":"Organization","name":"tomvild.cz","logo":{"@type":"ImageObject","@id":"\/logo.png","url":"\/logo.png","width":600,"height":60}},"image":{"@type":"ImageObject","@id":"https:\/\/www.tomvild.cz\/wp-content\/uploads\/img_a324885_w2411_t1536844160.jpg","url":"https:\/\/www.tomvild.cz\/wp-content\/uploads\/img_a324885_w2411_t1536844160.jpg","height":0,"width":0},"keywords":null},{"@type":"Article","@id":"https:\/\/www.tomvild.cz\/preventivni-lecba\/","headline":"Preventivn\u00ed l\u00e9\u010dba","url":"https:\/\/www.tomvild.cz\/preventivni-lecba\/","datePublished":"2018-08-09","dateModified":"2023-04-29","mainEntityOfPage":"https:\/\/www.tomvild.cz\/preventivni-lecba\/","author":{"@type":"Person","@id":"https:\/\/www.tomvild.cz\/author\/#Person","name":"tomvild.cz","url":"https:\/\/www.tomvild.cz\/author\/","identifier":1,"image":{"@type":"ImageObject","@id":"https:\/\/secure.gravatar.com\/avatar\/d6cba3ab97c30e0df0e32548954cb6b1550f4672bd3a4687bf1118b122d757e8?s=96&d=mm&r=g","url":"https:\/\/secure.gravatar.com\/avatar\/d6cba3ab97c30e0df0e32548954cb6b1550f4672bd3a4687bf1118b122d757e8?s=96&d=mm&r=g","height":96,"width":96}},"publisher":{"@type":"Organization","name":"tomvild.cz","logo":{"@type":"ImageObject","@id":"\/logo.png","url":"\/logo.png","width":600,"height":60}},"image":{"@type":"ImageObject","@id":"https:\/\/www.tomvild.cz\/wp-content\/uploads\/img_a324471_w2411_t1536306008.jpg","url":"https:\/\/www.tomvild.cz\/wp-content\/uploads\/img_a324471_w2411_t1536306008.jpg","height":0,"width":0},"keywords":null},{"@type":"Article","@id":"https:\/\/www.tomvild.cz\/hlavne-nezacnete-ze-stresu-jist\/","headline":"Hlavn\u011b neza\u010dn\u011bte ze stresu j\u00edst","url":"https:\/\/www.tomvild.cz\/hlavne-nezacnete-ze-stresu-jist\/","datePublished":"2018-08-01","dateModified":"2023-04-29","mainEntityOfPage":"https:\/\/www.tomvild.cz\/hlavne-nezacnete-ze-stresu-jist\/","author":{"@type":"Person","@id":"https:\/\/www.tomvild.cz\/author\/#Person","name":"tomvild.cz","url":"https:\/\/www.tomvild.cz\/author\/","identifier":1,"image":{"@type":"ImageObject","@id":"https:\/\/secure.gravatar.com\/avatar\/d6cba3ab97c30e0df0e32548954cb6b1550f4672bd3a4687bf1118b122d757e8?s=96&d=mm&r=g","url":"https:\/\/secure.gravatar.com\/avatar\/d6cba3ab97c30e0df0e32548954cb6b1550f4672bd3a4687bf1118b122d757e8?s=96&d=mm&r=g","height":96,"width":96}},"publisher":{"@type":"Organization","name":"tomvild.cz","logo":{"@type":"ImageObject","@id":"\/logo.png","url":"\/logo.png","width":600,"height":60}},"image":{"@type":"ImageObject","@id":"https:\/\/www.tomvild.cz\/wp-content\/uploads\/img_a323368_w2411_t1535024511.jpg","url":"https:\/\/www.tomvild.cz\/wp-content\/uploads\/img_a323368_w2411_t1535024511.jpg","height":0,"width":0},"keywords":null}]}