[{"@context":"https:\/\/schema.org\/","@type":"Article","@id":"https:\/\/www.tomvild.cz\/velkost-zostava-meni-sa-vzhlad\/#Article","mainEntityOfPage":"https:\/\/www.tomvild.cz\/velkost-zostava-meni-sa-vzhlad\/","headline":"Ve\u013ekos\u0165 zost\u00e1va, men\u00ed sa vzh\u013ead","name":"Ve\u013ekos\u0165 zost\u00e1va, men\u00ed sa vzh\u013ead","description":"Ako si predstavujete ide\u00e1lny n\u00e1bytok do \u0161kolskej izby? Mal\u00fd, rovnako ako jeho obyvatelia? Omyl! Napr\u00edklad detske skrine v\u00e1m r\u00fdchlo dok\u00e1\u017eu, \u017ee nie je d\u00f4le\u017eit\u00e1 ve\u013ekos\u0165 oble\u010denia, ale jeho mno\u017estvo. \u0160kol\u00e1ci ani n\u00e1hodou nemaj\u00fa men\u0161\u00ed \u0161atn\u00edk<a class=\"moretag\" href=\"https:\/\/www.tomvild.cz\/velkost-zostava-meni-sa-vzhlad\/\"> Read more&hellip;<\/a>","datePublished":"2024-12-19","dateModified":"2024-12-19","author":{"@type":"Person","@id":"https:\/\/www.tomvild.cz\/author\/#Person","name":"tomvild.cz","url":"https:\/\/www.tomvild.cz\/author\/","identifier":1,"image":{"@type":"ImageObject","@id":"https:\/\/secure.gravatar.com\/avatar\/d6cba3ab97c30e0df0e32548954cb6b1550f4672bd3a4687bf1118b122d757e8?s=96&d=mm&r=g","url":"https:\/\/secure.gravatar.com\/avatar\/d6cba3ab97c30e0df0e32548954cb6b1550f4672bd3a4687bf1118b122d757e8?s=96&d=mm&r=g","height":96,"width":96}},"publisher":{"@type":"Organization","name":"tomvild.cz","logo":{"@type":"ImageObject","@id":"\/logo.png","url":"\/logo.png","width":600,"height":60}},"url":"https:\/\/www.tomvild.cz\/velkost-zostava-meni-sa-vzhlad\/","wordCount":225,"articleBody":" Ako si predstavujete ide\u00e1lny n\u00e1bytok do \u0161kolskej izby? Mal\u00fd, rovnako ako jeho obyvatelia? Omyl! Napr\u00edklad detske skrine v\u00e1m r\u00fdchlo dok\u00e1\u017eu, \u017ee nie je d\u00f4le\u017eit\u00e1 ve\u013ekos\u0165 oble\u010denia, ale jeho mno\u017estvo. \u0160kol\u00e1ci ani n\u00e1hodou nemaj\u00fa men\u0161\u00ed \u0161atn\u00edk ako dospel\u00ed \u013eudia. Tie\u017e maj\u00fa svoje sez\u00f3nne oble\u010denie a top\u00e1nky, ktor\u00e9 potrebuj\u00fa uskladni\u0165. Na to maj\u00fa izbu. Vesel\u0161iu, farebnej\u0161iu, mo\u017eno men\u0161iu, ale vo ve\u013ekosti \u00falo\u017en\u00e9ho priestoru \u010dasto nijako nezaost\u00e1vaj\u00facu. Men\u0161iu komodu m\u00e1 maxim\u00e1lne tak bato\u013ea, ktor\u00e9 naozaj nepotrebuje to\u013eko oble\u010denia. No len \u010do sa z bato\u013ea\u0165a stane \u0161k\u00f4lkar a nesk\u00f4r \u0161kol\u00e1k, oble\u010denia sa za\u010dne len a len zbiera\u0165. K\u00fasky oble\u010denia a top\u00e1nky na v\u0161etky ro\u010dn\u00e9 obdobia naraz sa do jednej skrine iste nezmestia. Nezost\u00e1va miesto na druh\u00fd kus? \u0160atn\u00edk je d\u00f4le\u017eitou s\u00fa\u010das\u0165ou izby, \u010dasto zaber\u00e1 a\u017e jej polovicu. No je to st\u00e1le m\u00e1lo? Pom\u00f4\u017ee ka\u017ed\u00e1 komoda alebo aj \u00falo\u017en\u00e9 miesto pod poste\u013eou na oble\u010denie, ktor\u00e9 sa pr\u00e1ve teraz nenos\u00ed. Deti a ich n\u00e1bytok by nemal by\u0165 ve\u013ekostne \u010faleko za \u201edospel\u00e1ckou\u201c verziou. Najm\u00e4, pokia\u013e ide o \u00falo\u017en\u00e9 miesto.                                                                                                                                                                                                                                                                                                                                                                                         4\/5 - (1 vote)        "},{"@context":"https:\/\/schema.org\/","@type":"BreadcrumbList","itemListElement":[{"@type":"ListItem","position":1,"name":"Ve\u013ekos\u0165 zost\u00e1va, men\u00ed sa vzh\u013ead","item":"https:\/\/www.tomvild.cz\/velkost-zostava-meni-sa-vzhlad\/#breadcrumbitem"}]}]