{"@context":"https:\/\/schema.org\/","@type":"CollectionPage","@id":"https:\/\/www.tomvild.cz\/podnikani\/#CollectionPage","headline":"Podnik\u00e1n\u00ed Category","description":"","url":"https:\/\/www.tomvild.cz\/podnikani\/","hasPart":[{"@type":"Article","@id":"https:\/\/www.tomvild.cz\/vyberte-si-automobil-na-splatky\/","headline":"Vyberte si automobil na spl\u00e1tky","url":"https:\/\/www.tomvild.cz\/vyberte-si-automobil-na-splatky\/","datePublished":"2025-12-15","dateModified":"2025-12-15","mainEntityOfPage":"https:\/\/www.tomvild.cz\/vyberte-si-automobil-na-splatky\/","author":{"@type":"Person","@id":"https:\/\/www.tomvild.cz\/author\/#Person","name":"tomvild.cz","url":"https:\/\/www.tomvild.cz\/author\/","identifier":1,"image":{"@type":"ImageObject","@id":"https:\/\/secure.gravatar.com\/avatar\/d6cba3ab97c30e0df0e32548954cb6b1550f4672bd3a4687bf1118b122d757e8?s=96&d=mm&r=g","url":"https:\/\/secure.gravatar.com\/avatar\/d6cba3ab97c30e0df0e32548954cb6b1550f4672bd3a4687bf1118b122d757e8?s=96&d=mm&r=g","height":96,"width":96}},"publisher":{"@type":"Organization","name":"tomvild.cz","logo":{"@type":"ImageObject","@id":"\/logo.png","url":"\/logo.png","width":600,"height":60}},"image":{"@type":"ImageObject","@id":"https:\/\/www.tomvild.cz\/wp-content\/uploads\/auto_10_10_10_8.jpg","url":"https:\/\/www.tomvild.cz\/wp-content\/uploads\/auto_10_10_10_8.jpg","height":0,"width":0},"keywords":null},{"@type":"Article","@id":"https:\/\/www.tomvild.cz\/ukazatelem-zenske-krasy-jsou-i-zdrave-zuby\/","headline":"Ukazatelem \u017eensk\u00e9 kr\u00e1sy jsou i zdrav\u00e9 zuby","url":"https:\/\/www.tomvild.cz\/ukazatelem-zenske-krasy-jsou-i-zdrave-zuby\/","datePublished":"2025-12-10","dateModified":"2025-12-10","mainEntityOfPage":"https:\/\/www.tomvild.cz\/ukazatelem-zenske-krasy-jsou-i-zdrave-zuby\/","author":{"@type":"Person","@id":"https:\/\/www.tomvild.cz\/author\/#Person","name":"tomvild.cz","url":"https:\/\/www.tomvild.cz\/author\/","identifier":1,"image":{"@type":"ImageObject","@id":"https:\/\/secure.gravatar.com\/avatar\/d6cba3ab97c30e0df0e32548954cb6b1550f4672bd3a4687bf1118b122d757e8?s=96&d=mm&r=g","url":"https:\/\/secure.gravatar.com\/avatar\/d6cba3ab97c30e0df0e32548954cb6b1550f4672bd3a4687bf1118b122d757e8?s=96&d=mm&r=g","height":96,"width":96}},"publisher":{"@type":"Organization","name":"tomvild.cz","logo":{"@type":"ImageObject","@id":"\/logo.png","url":"\/logo.png","width":600,"height":60}},"image":{"@type":"ImageObject","@id":"https:\/\/www.tomvild.cz\/wp-content\/uploads\/teeth-5522650_640_5.jpg","url":"https:\/\/www.tomvild.cz\/wp-content\/uploads\/teeth-5522650_640_5.jpg","height":0,"width":0},"keywords":null},{"@type":"Article","@id":"https:\/\/www.tomvild.cz\/dovolena-v-lete-nebo-v-zime\/","headline":"Dovolen\u00e1 v l\u00e9t\u011b nebo v zim\u011b","url":"https:\/\/www.tomvild.cz\/dovolena-v-lete-nebo-v-zime\/","datePublished":"2025-08-01","dateModified":"2025-08-01","mainEntityOfPage":"https:\/\/www.tomvild.cz\/dovolena-v-lete-nebo-v-zime\/","author":{"@type":"Person","@id":"https:\/\/www.tomvild.cz\/author\/#Person","name":"tomvild.cz","url":"https:\/\/www.tomvild.cz\/author\/","identifier":1,"image":{"@type":"ImageObject","@id":"https:\/\/secure.gravatar.com\/avatar\/d6cba3ab97c30e0df0e32548954cb6b1550f4672bd3a4687bf1118b122d757e8?s=96&d=mm&r=g","url":"https:\/\/secure.gravatar.com\/avatar\/d6cba3ab97c30e0df0e32548954cb6b1550f4672bd3a4687bf1118b122d757e8?s=96&d=mm&r=g","height":96,"width":96}},"publisher":{"@type":"Organization","name":"tomvild.cz","logo":{"@type":"ImageObject","@id":"\/logo.png","url":"\/logo.png","width":600,"height":60}},"image":{"@type":"ImageObject","@id":"https:\/\/www.tomvild.cz\/wp-content\/uploads\/people-4760326_640.jpg","url":"https:\/\/www.tomvild.cz\/wp-content\/uploads\/people-4760326_640.jpg","height":0,"width":0},"keywords":null},{"@type":"Article","@id":"https:\/\/www.tomvild.cz\/co-by-vam-rekl-na-vase-zuby-stomatolog\/","headline":"Co by v\u00e1m \u0159ekl na va\u0161e zuby stomatolog","url":"https:\/\/www.tomvild.cz\/co-by-vam-rekl-na-vase-zuby-stomatolog\/","datePublished":"2025-07-05","dateModified":"2025-07-05","mainEntityOfPage":"https:\/\/www.tomvild.cz\/co-by-vam-rekl-na-vase-zuby-stomatolog\/","author":{"@type":"Person","@id":"https:\/\/www.tomvild.cz\/author\/#Person","name":"tomvild.cz","url":"https:\/\/www.tomvild.cz\/author\/","identifier":1,"image":{"@type":"ImageObject","@id":"https:\/\/secure.gravatar.com\/avatar\/d6cba3ab97c30e0df0e32548954cb6b1550f4672bd3a4687bf1118b122d757e8?s=96&d=mm&r=g","url":"https:\/\/secure.gravatar.com\/avatar\/d6cba3ab97c30e0df0e32548954cb6b1550f4672bd3a4687bf1118b122d757e8?s=96&d=mm&r=g","height":96,"width":96}},"publisher":{"@type":"Organization","name":"tomvild.cz","logo":{"@type":"ImageObject","@id":"\/logo.png","url":"\/logo.png","width":600,"height":60}},"image":{"@type":"ImageObject","@id":"https:\/\/www.tomvild.cz\/wp-content\/uploads\/brush-teeth-2103219_640_5.jpg","url":"https:\/\/www.tomvild.cz\/wp-content\/uploads\/brush-teeth-2103219_640_5.jpg","height":0,"width":0},"keywords":null},{"@type":"Article","@id":"https:\/\/www.tomvild.cz\/jak-efektivne-propagovat-ekologicke-balici-materialy\/","headline":"Jak efektivn\u011b propagovat ekologick\u00e9 balic\u00ed materi\u00e1ly","url":"https:\/\/www.tomvild.cz\/jak-efektivne-propagovat-ekologicke-balici-materialy\/","datePublished":"2025-04-30","dateModified":"2025-04-30","mainEntityOfPage":"https:\/\/www.tomvild.cz\/jak-efektivne-propagovat-ekologicke-balici-materialy\/","author":{"@type":"Person","@id":"https:\/\/www.tomvild.cz\/author\/#Person","name":"tomvild.cz","url":"https:\/\/www.tomvild.cz\/author\/","identifier":1,"image":{"@type":"ImageObject","@id":"https:\/\/secure.gravatar.com\/avatar\/d6cba3ab97c30e0df0e32548954cb6b1550f4672bd3a4687bf1118b122d757e8?s=96&d=mm&r=g","url":"https:\/\/secure.gravatar.com\/avatar\/d6cba3ab97c30e0df0e32548954cb6b1550f4672bd3a4687bf1118b122d757e8?s=96&d=mm&r=g","height":96,"width":96}},"publisher":{"@type":"Organization","name":"tomvild.cz","logo":{"@type":"ImageObject","@id":"\/logo.png","url":"\/logo.png","width":600,"height":60}},"image":{"@type":"ImageObject","@id":"https:\/\/www.tomvild.cz\/wp-content\/uploads\/packages-6153947_640_5.jpg","url":"https:\/\/www.tomvild.cz\/wp-content\/uploads\/packages-6153947_640_5.jpg","height":0,"width":0},"keywords":null},{"@type":"Article","@id":"https:\/\/www.tomvild.cz\/s-pronajatym-vozem-za-prehradami-ceske-republiky\/","headline":"S pronajat\u00fdm vozem za p\u0159ehradami \u010cesk\u00e9 republiky","url":"https:\/\/www.tomvild.cz\/s-pronajatym-vozem-za-prehradami-ceske-republiky\/","datePublished":"2025-04-08","dateModified":"2025-04-08","mainEntityOfPage":"https:\/\/www.tomvild.cz\/s-pronajatym-vozem-za-prehradami-ceske-republiky\/","author":{"@type":"Person","@id":"https:\/\/www.tomvild.cz\/author\/#Person","name":"tomvild.cz","url":"https:\/\/www.tomvild.cz\/author\/","identifier":1,"image":{"@type":"ImageObject","@id":"https:\/\/secure.gravatar.com\/avatar\/d6cba3ab97c30e0df0e32548954cb6b1550f4672bd3a4687bf1118b122d757e8?s=96&d=mm&r=g","url":"https:\/\/secure.gravatar.com\/avatar\/d6cba3ab97c30e0df0e32548954cb6b1550f4672bd3a4687bf1118b122d757e8?s=96&d=mm&r=g","height":96,"width":96}},"publisher":{"@type":"Organization","name":"tomvild.cz","logo":{"@type":"ImageObject","@id":"\/logo.png","url":"\/logo.png","width":600,"height":60}},"image":{"@type":"ImageObject","@id":"https:\/\/www.tomvild.cz\/wp-content\/uploads\/bridge-5438676_640.jpg","url":"https:\/\/www.tomvild.cz\/wp-content\/uploads\/bridge-5438676_640.jpg","height":0,"width":0},"keywords":null},{"@type":"Article","@id":"https:\/\/www.tomvild.cz\/the-shooting-range\/","headline":"The shooting range","url":"https:\/\/www.tomvild.cz\/the-shooting-range\/","datePublished":"2025-04-07","dateModified":"2025-04-07","mainEntityOfPage":"https:\/\/www.tomvild.cz\/the-shooting-range\/","author":{"@type":"Person","@id":"https:\/\/www.tomvild.cz\/author\/#Person","name":"tomvild.cz","url":"https:\/\/www.tomvild.cz\/author\/","identifier":1,"image":{"@type":"ImageObject","@id":"https:\/\/secure.gravatar.com\/avatar\/d6cba3ab97c30e0df0e32548954cb6b1550f4672bd3a4687bf1118b122d757e8?s=96&d=mm&r=g","url":"https:\/\/secure.gravatar.com\/avatar\/d6cba3ab97c30e0df0e32548954cb6b1550f4672bd3a4687bf1118b122d757e8?s=96&d=mm&r=g","height":96,"width":96}},"publisher":{"@type":"Organization","name":"tomvild.cz","logo":{"@type":"ImageObject","@id":"\/logo.png","url":"\/logo.png","width":600,"height":60}},"image":{"@type":"ImageObject","@id":"https:\/\/www.tomvild.cz\/wp-content\/uploads\/airsoft-3749256_640.jpg","url":"https:\/\/www.tomvild.cz\/wp-content\/uploads\/airsoft-3749256_640.jpg","height":0,"width":0},"keywords":null},{"@type":"Article","@id":"https:\/\/www.tomvild.cz\/neviditelni-podnikatele-kolem-nas\/","headline":"Neviditeln\u00ed podnikatel\u00e9 kolem n\u00e1s","url":"https:\/\/www.tomvild.cz\/neviditelni-podnikatele-kolem-nas\/","datePublished":"2025-03-01","dateModified":"2023-04-29","mainEntityOfPage":"https:\/\/www.tomvild.cz\/neviditelni-podnikatele-kolem-nas\/","author":{"@type":"Person","@id":"https:\/\/www.tomvild.cz\/author\/#Person","name":"tomvild.cz","url":"https:\/\/www.tomvild.cz\/author\/","identifier":1,"image":{"@type":"ImageObject","@id":"https:\/\/secure.gravatar.com\/avatar\/d6cba3ab97c30e0df0e32548954cb6b1550f4672bd3a4687bf1118b122d757e8?s=96&d=mm&r=g","url":"https:\/\/secure.gravatar.com\/avatar\/d6cba3ab97c30e0df0e32548954cb6b1550f4672bd3a4687bf1118b122d757e8?s=96&d=mm&r=g","height":96,"width":96}},"publisher":{"@type":"Organization","name":"tomvild.cz","logo":{"@type":"ImageObject","@id":"\/logo.png","url":"\/logo.png","width":600,"height":60}},"image":{"@type":"ImageObject","@id":"https:\/\/www.tomvild.cz\/wp-content\/uploads\/img_a309318_w2411_t1520252138.jpg","url":"https:\/\/www.tomvild.cz\/wp-content\/uploads\/img_a309318_w2411_t1520252138.jpg","height":0,"width":0},"keywords":null},{"@type":"Article","@id":"https:\/\/www.tomvild.cz\/danovy-kalendar-aneb-jake-jsou-terminy-danovych-priznani-pro-rok-2017\/","headline":"Da\u0148ov\u00fd kalend\u00e1\u0159, aneb jak\u00e9 jsou term\u00edny da\u0148ov\u00fdch p\u0159izn\u00e1n\u00ed pro rok 2017?","url":"https:\/\/www.tomvild.cz\/danovy-kalendar-aneb-jake-jsou-terminy-danovych-priznani-pro-rok-2017\/","datePublished":"2025-02-27","dateModified":"2023-04-29","mainEntityOfPage":"https:\/\/www.tomvild.cz\/danovy-kalendar-aneb-jake-jsou-terminy-danovych-priznani-pro-rok-2017\/","author":{"@type":"Person","@id":"https:\/\/www.tomvild.cz\/author\/#Person","name":"tomvild.cz","url":"https:\/\/www.tomvild.cz\/author\/","identifier":1,"image":{"@type":"ImageObject","@id":"https:\/\/secure.gravatar.com\/avatar\/d6cba3ab97c30e0df0e32548954cb6b1550f4672bd3a4687bf1118b122d757e8?s=96&d=mm&r=g","url":"https:\/\/secure.gravatar.com\/avatar\/d6cba3ab97c30e0df0e32548954cb6b1550f4672bd3a4687bf1118b122d757e8?s=96&d=mm&r=g","height":96,"width":96}},"publisher":{"@type":"Organization","name":"tomvild.cz","logo":{"@type":"ImageObject","@id":"\/logo.png","url":"\/logo.png","width":600,"height":60}},"image":{"@type":"ImageObject","@id":"https:\/\/www.tomvild.cz\/wp-content\/uploads\/img_a313336_w2411_t1523998159.jpg","url":"https:\/\/www.tomvild.cz\/wp-content\/uploads\/img_a313336_w2411_t1523998159.jpg","height":0,"width":0},"keywords":null},{"@type":"Article","@id":"https:\/\/www.tomvild.cz\/sidlo-firmy-v-ostrave-usnadni-zivot\/","headline":"S\u00eddlo firmy v Ostrav\u011b usnadn\u00ed \u017eivot","url":"https:\/\/www.tomvild.cz\/sidlo-firmy-v-ostrave-usnadni-zivot\/","datePublished":"2025-01-21","dateModified":"2025-01-21","mainEntityOfPage":"https:\/\/www.tomvild.cz\/sidlo-firmy-v-ostrave-usnadni-zivot\/","author":{"@type":"Person","@id":"https:\/\/www.tomvild.cz\/author\/#Person","name":"tomvild.cz","url":"https:\/\/www.tomvild.cz\/author\/","identifier":1,"image":{"@type":"ImageObject","@id":"https:\/\/secure.gravatar.com\/avatar\/d6cba3ab97c30e0df0e32548954cb6b1550f4672bd3a4687bf1118b122d757e8?s=96&d=mm&r=g","url":"https:\/\/secure.gravatar.com\/avatar\/d6cba3ab97c30e0df0e32548954cb6b1550f4672bd3a4687bf1118b122d757e8?s=96&d=mm&r=g","height":96,"width":96}},"publisher":{"@type":"Organization","name":"tomvild.cz","logo":{"@type":"ImageObject","@id":"\/logo.png","url":"\/logo.png","width":600,"height":60}},"image":{"@type":"ImageObject","@id":"https:\/\/www.tomvild.cz\/wp-content\/uploads\/home-office-599475_640_7.jpg","url":"https:\/\/www.tomvild.cz\/wp-content\/uploads\/home-office-599475_640_7.jpg","height":0,"width":0},"keywords":null}]}