[{"@context":"https:\/\/schema.org\/","@type":"Blog","@id":"https:\/\/www.tomvild.cz#Blog","headline":"Tom vild","description":"\nHoldujete velk\u00e9mu um\u011bn\u00ed? Dejme tomu ope\u0159e? Pak se na internetu zase a\u017e moc \u010dasto se zaj\u00edmav\u00fdmi t\u00e9maty z oboru nesetk\u00e1te. Ale u n\u00e1s i toto t\u00e9ma naj\u00edt lze.","url":"https:\/\/www.tomvild.cz","hasPart":[{"@type":"Article","@id":"https:\/\/www.tomvild.cz\/detickam-se-ma-zpivat\/","headline":"D\u011bti\u010dk\u00e1m se m\u00e1 zp\u00edvat","url":"https:\/\/www.tomvild.cz\/detickam-se-ma-zpivat\/","datePublished":"2018-09-20","dateModified":"2023-04-29","mainEntityOfPage":"https:\/\/www.tomvild.cz\/detickam-se-ma-zpivat\/","author":{"@type":"Person","@id":"https:\/\/www.tomvild.cz\/author\/#Person","name":"tomvild.cz","url":"https:\/\/www.tomvild.cz\/author\/","identifier":1,"image":{"@type":"ImageObject","@id":"https:\/\/secure.gravatar.com\/avatar\/d6cba3ab97c30e0df0e32548954cb6b1550f4672bd3a4687bf1118b122d757e8?s=96&d=mm&r=g","url":"https:\/\/secure.gravatar.com\/avatar\/d6cba3ab97c30e0df0e32548954cb6b1550f4672bd3a4687bf1118b122d757e8?s=96&d=mm&r=g","height":96,"width":96}},"publisher":{"@type":"Organization","name":"tomvild.cz","logo":{"@type":"ImageObject","@id":"\/logo.png","url":"\/logo.png","width":600,"height":60}},"image":{"@type":"ImageObject","@id":"https:\/\/www.tomvild.cz\/wp-content\/uploads\/img_a325048_w2411_t1537000967.jpg","url":"https:\/\/www.tomvild.cz\/wp-content\/uploads\/img_a325048_w2411_t1537000967.jpg","height":0,"width":0},"wordCount":597,"keywords":null},{"@type":"Article","@id":"https:\/\/www.tomvild.cz\/pomocnou-ruku-nam-nabizi-dentalni-hygiena-liberec\/","headline":"Pomocnou ruku n\u00e1m nab\u00edz\u00ed dent\u00e1ln\u00ed hygiena Liberec","url":"https:\/\/www.tomvild.cz\/pomocnou-ruku-nam-nabizi-dentalni-hygiena-liberec\/","datePublished":"2018-09-05","dateModified":"2023-04-29","mainEntityOfPage":"https:\/\/www.tomvild.cz\/pomocnou-ruku-nam-nabizi-dentalni-hygiena-liberec\/","author":{"@type":"Person","@id":"https:\/\/www.tomvild.cz\/author\/#Person","name":"tomvild.cz","url":"https:\/\/www.tomvild.cz\/author\/","identifier":1,"image":{"@type":"ImageObject","@id":"https:\/\/secure.gravatar.com\/avatar\/d6cba3ab97c30e0df0e32548954cb6b1550f4672bd3a4687bf1118b122d757e8?s=96&d=mm&r=g","url":"https:\/\/secure.gravatar.com\/avatar\/d6cba3ab97c30e0df0e32548954cb6b1550f4672bd3a4687bf1118b122d757e8?s=96&d=mm&r=g","height":96,"width":96}},"publisher":{"@type":"Organization","name":"tomvild.cz","logo":{"@type":"ImageObject","@id":"\/logo.png","url":"\/logo.png","width":600,"height":60}},"image":{"@type":"ImageObject","@id":"https:\/\/www.tomvild.cz\/wp-content\/uploads\/img_a324885_w2411_t1536844160.jpg","url":"https:\/\/www.tomvild.cz\/wp-content\/uploads\/img_a324885_w2411_t1536844160.jpg","height":0,"width":0},"wordCount":689,"keywords":null},{"@type":"Article","@id":"https:\/\/www.tomvild.cz\/meli-byste-byt-mozna-na-oblacku\/","headline":"M\u011bli byste b\u00fdt mo\u017en\u00e1 na obl\u00e1\u010dku","url":"https:\/\/www.tomvild.cz\/meli-byste-byt-mozna-na-oblacku\/","datePublished":"2018-09-01","dateModified":"2023-04-29","mainEntityOfPage":"https:\/\/www.tomvild.cz\/meli-byste-byt-mozna-na-oblacku\/","author":{"@type":"Person","@id":"https:\/\/www.tomvild.cz\/author\/#Person","name":"tomvild.cz","url":"https:\/\/www.tomvild.cz\/author\/","identifier":1,"image":{"@type":"ImageObject","@id":"https:\/\/secure.gravatar.com\/avatar\/d6cba3ab97c30e0df0e32548954cb6b1550f4672bd3a4687bf1118b122d757e8?s=96&d=mm&r=g","url":"https:\/\/secure.gravatar.com\/avatar\/d6cba3ab97c30e0df0e32548954cb6b1550f4672bd3a4687bf1118b122d757e8?s=96&d=mm&r=g","height":96,"width":96}},"publisher":{"@type":"Organization","name":"tomvild.cz","logo":{"@type":"ImageObject","@id":"\/logo.png","url":"\/logo.png","width":600,"height":60}},"image":{"@type":"ImageObject","@id":"https:\/\/www.tomvild.cz\/wp-content\/uploads\/img_a324251_w1988_t1536061205.jpg","url":"https:\/\/www.tomvild.cz\/wp-content\/uploads\/img_a324251_w1988_t1536061205.jpg","height":0,"width":0},"wordCount":508,"keywords":null},{"@type":"Article","@id":"https:\/\/www.tomvild.cz\/seznamte-se-s-tulipany\/","headline":"Seznamte se s tulip\u00e1ny","url":"https:\/\/www.tomvild.cz\/seznamte-se-s-tulipany\/","datePublished":"2018-08-27","dateModified":"2023-04-29","mainEntityOfPage":"https:\/\/www.tomvild.cz\/seznamte-se-s-tulipany\/","author":{"@type":"Person","@id":"https:\/\/www.tomvild.cz\/author\/#Person","name":"tomvild.cz","url":"https:\/\/www.tomvild.cz\/author\/","identifier":1,"image":{"@type":"ImageObject","@id":"https:\/\/secure.gravatar.com\/avatar\/d6cba3ab97c30e0df0e32548954cb6b1550f4672bd3a4687bf1118b122d757e8?s=96&d=mm&r=g","url":"https:\/\/secure.gravatar.com\/avatar\/d6cba3ab97c30e0df0e32548954cb6b1550f4672bd3a4687bf1118b122d757e8?s=96&d=mm&r=g","height":96,"width":96}},"publisher":{"@type":"Organization","name":"tomvild.cz","logo":{"@type":"ImageObject","@id":"\/logo.png","url":"\/logo.png","width":600,"height":60}},"image":{"@type":"ImageObject","@id":"https:\/\/www.tomvild.cz\/wp-content\/uploads\/img_a322550_w2411_t1534235503.jpg","url":"https:\/\/www.tomvild.cz\/wp-content\/uploads\/img_a322550_w2411_t1534235503.jpg","height":0,"width":0},"wordCount":551,"keywords":null},{"@type":"Article","@id":"https:\/\/www.tomvild.cz\/preventivni-lecba\/","headline":"Preventivn\u00ed l\u00e9\u010dba","url":"https:\/\/www.tomvild.cz\/preventivni-lecba\/","datePublished":"2018-08-09","dateModified":"2023-04-29","mainEntityOfPage":"https:\/\/www.tomvild.cz\/preventivni-lecba\/","author":{"@type":"Person","@id":"https:\/\/www.tomvild.cz\/author\/#Person","name":"tomvild.cz","url":"https:\/\/www.tomvild.cz\/author\/","identifier":1,"image":{"@type":"ImageObject","@id":"https:\/\/secure.gravatar.com\/avatar\/d6cba3ab97c30e0df0e32548954cb6b1550f4672bd3a4687bf1118b122d757e8?s=96&d=mm&r=g","url":"https:\/\/secure.gravatar.com\/avatar\/d6cba3ab97c30e0df0e32548954cb6b1550f4672bd3a4687bf1118b122d757e8?s=96&d=mm&r=g","height":96,"width":96}},"publisher":{"@type":"Organization","name":"tomvild.cz","logo":{"@type":"ImageObject","@id":"\/logo.png","url":"\/logo.png","width":600,"height":60}},"image":{"@type":"ImageObject","@id":"https:\/\/www.tomvild.cz\/wp-content\/uploads\/img_a324471_w2411_t1536306008.jpg","url":"https:\/\/www.tomvild.cz\/wp-content\/uploads\/img_a324471_w2411_t1536306008.jpg","height":0,"width":0},"wordCount":536,"keywords":null},{"@type":"Article","@id":"https:\/\/www.tomvild.cz\/hlavne-nezacnete-ze-stresu-jist\/","headline":"Hlavn\u011b neza\u010dn\u011bte ze stresu j\u00edst","url":"https:\/\/www.tomvild.cz\/hlavne-nezacnete-ze-stresu-jist\/","datePublished":"2018-08-01","dateModified":"2023-04-29","mainEntityOfPage":"https:\/\/www.tomvild.cz\/hlavne-nezacnete-ze-stresu-jist\/","author":{"@type":"Person","@id":"https:\/\/www.tomvild.cz\/author\/#Person","name":"tomvild.cz","url":"https:\/\/www.tomvild.cz\/author\/","identifier":1,"image":{"@type":"ImageObject","@id":"https:\/\/secure.gravatar.com\/avatar\/d6cba3ab97c30e0df0e32548954cb6b1550f4672bd3a4687bf1118b122d757e8?s=96&d=mm&r=g","url":"https:\/\/secure.gravatar.com\/avatar\/d6cba3ab97c30e0df0e32548954cb6b1550f4672bd3a4687bf1118b122d757e8?s=96&d=mm&r=g","height":96,"width":96}},"publisher":{"@type":"Organization","name":"tomvild.cz","logo":{"@type":"ImageObject","@id":"\/logo.png","url":"\/logo.png","width":600,"height":60}},"image":{"@type":"ImageObject","@id":"https:\/\/www.tomvild.cz\/wp-content\/uploads\/img_a323368_w2411_t1535024511.jpg","url":"https:\/\/www.tomvild.cz\/wp-content\/uploads\/img_a323368_w2411_t1535024511.jpg","height":0,"width":0},"wordCount":530,"keywords":null},{"@type":"Article","@id":"https:\/\/www.tomvild.cz\/svetlem-docilite-prijemne-pocity\/","headline":"Sv\u011btlem doc\u00edl\u00edte p\u0159\u00edjemn\u00e9 pocity","url":"https:\/\/www.tomvild.cz\/svetlem-docilite-prijemne-pocity\/","datePublished":"2018-07-24","dateModified":"2023-04-29","mainEntityOfPage":"https:\/\/www.tomvild.cz\/svetlem-docilite-prijemne-pocity\/","author":{"@type":"Person","@id":"https:\/\/www.tomvild.cz\/author\/#Person","name":"tomvild.cz","url":"https:\/\/www.tomvild.cz\/author\/","identifier":1,"image":{"@type":"ImageObject","@id":"https:\/\/secure.gravatar.com\/avatar\/d6cba3ab97c30e0df0e32548954cb6b1550f4672bd3a4687bf1118b122d757e8?s=96&d=mm&r=g","url":"https:\/\/secure.gravatar.com\/avatar\/d6cba3ab97c30e0df0e32548954cb6b1550f4672bd3a4687bf1118b122d757e8?s=96&d=mm&r=g","height":96,"width":96}},"publisher":{"@type":"Organization","name":"tomvild.cz","logo":{"@type":"ImageObject","@id":"\/logo.png","url":"\/logo.png","width":600,"height":60}},"image":{"@type":"ImageObject","@id":"https:\/\/www.tomvild.cz\/wp-content\/uploads\/img_a321889_w2411_t1533288885.jpg","url":"https:\/\/www.tomvild.cz\/wp-content\/uploads\/img_a321889_w2411_t1533288885.jpg","height":0,"width":0},"wordCount":542,"keywords":null},{"@type":"Article","@id":"https:\/\/www.tomvild.cz\/to-prave-i-pro-vasi-tridu\/","headline":"To prav\u00e9 i pro Va\u0161i t\u0159\u00eddu","url":"https:\/\/www.tomvild.cz\/to-prave-i-pro-vasi-tridu\/","datePublished":"2018-07-13","dateModified":"2023-04-29","mainEntityOfPage":"https:\/\/www.tomvild.cz\/to-prave-i-pro-vasi-tridu\/","author":{"@type":"Person","@id":"https:\/\/www.tomvild.cz\/author\/#Person","name":"tomvild.cz","url":"https:\/\/www.tomvild.cz\/author\/","identifier":1,"image":{"@type":"ImageObject","@id":"https:\/\/secure.gravatar.com\/avatar\/d6cba3ab97c30e0df0e32548954cb6b1550f4672bd3a4687bf1118b122d757e8?s=96&d=mm&r=g","url":"https:\/\/secure.gravatar.com\/avatar\/d6cba3ab97c30e0df0e32548954cb6b1550f4672bd3a4687bf1118b122d757e8?s=96&d=mm&r=g","height":96,"width":96}},"publisher":{"@type":"Organization","name":"tomvild.cz","logo":{"@type":"ImageObject","@id":"\/logo.png","url":"\/logo.png","width":600,"height":60}},"image":{"@type":"ImageObject","@id":"https:\/\/www.tomvild.cz\/wp-content\/uploads\/img_a320542_w2411_t1531825810.jpg","url":"https:\/\/www.tomvild.cz\/wp-content\/uploads\/img_a320542_w2411_t1531825810.jpg","height":0,"width":0},"wordCount":524,"keywords":null},{"@type":"Article","@id":"https:\/\/www.tomvild.cz\/vzhuru-do-svatebnich-priprav\/","headline":"Vzh\u016fru do svatebn\u00edch p\u0159\u00edprav","url":"https:\/\/www.tomvild.cz\/vzhuru-do-svatebnich-priprav\/","datePublished":"2018-07-12","dateModified":"2023-04-29","mainEntityOfPage":"https:\/\/www.tomvild.cz\/vzhuru-do-svatebnich-priprav\/","author":{"@type":"Person","@id":"https:\/\/www.tomvild.cz\/author\/#Person","name":"tomvild.cz","url":"https:\/\/www.tomvild.cz\/author\/","identifier":1,"image":{"@type":"ImageObject","@id":"https:\/\/secure.gravatar.com\/avatar\/d6cba3ab97c30e0df0e32548954cb6b1550f4672bd3a4687bf1118b122d757e8?s=96&d=mm&r=g","url":"https:\/\/secure.gravatar.com\/avatar\/d6cba3ab97c30e0df0e32548954cb6b1550f4672bd3a4687bf1118b122d757e8?s=96&d=mm&r=g","height":96,"width":96}},"publisher":{"@type":"Organization","name":"tomvild.cz","logo":{"@type":"ImageObject","@id":"\/logo.png","url":"\/logo.png","width":600,"height":60}},"image":{"@type":"ImageObject","@id":"https:\/\/www.tomvild.cz\/wp-content\/uploads\/img_a321917_w2411_t1533371424.jpg","url":"https:\/\/www.tomvild.cz\/wp-content\/uploads\/img_a321917_w2411_t1533371424.jpg","height":0,"width":0},"wordCount":563,"keywords":null},{"@type":"Article","@id":"https:\/\/www.tomvild.cz\/pro-precizni-vedeni-veskere-firemni-spravy\/","headline":"Pro precizn\u00ed veden\u00ed ve\u0161ker\u00e9 firemn\u00ed spr\u00e1vy","url":"https:\/\/www.tomvild.cz\/pro-precizni-vedeni-veskere-firemni-spravy\/","datePublished":"2018-06-26","dateModified":"2023-04-29","mainEntityOfPage":"https:\/\/www.tomvild.cz\/pro-precizni-vedeni-veskere-firemni-spravy\/","author":{"@type":"Person","@id":"https:\/\/www.tomvild.cz\/author\/#Person","name":"tomvild.cz","url":"https:\/\/www.tomvild.cz\/author\/","identifier":1,"image":{"@type":"ImageObject","@id":"https:\/\/secure.gravatar.com\/avatar\/d6cba3ab97c30e0df0e32548954cb6b1550f4672bd3a4687bf1118b122d757e8?s=96&d=mm&r=g","url":"https:\/\/secure.gravatar.com\/avatar\/d6cba3ab97c30e0df0e32548954cb6b1550f4672bd3a4687bf1118b122d757e8?s=96&d=mm&r=g","height":96,"width":96}},"publisher":{"@type":"Organization","name":"tomvild.cz","logo":{"@type":"ImageObject","@id":"\/logo.png","url":"\/logo.png","width":600,"height":60}},"image":{"@type":"ImageObject","@id":"https:\/\/www.tomvild.cz\/wp-content\/uploads\/img_a319202_w2411_t1530085200.jpg","url":"https:\/\/www.tomvild.cz\/wp-content\/uploads\/img_a319202_w2411_t1530085200.jpg","height":0,"width":0},"wordCount":579,"keywords":null}]},{"@context":"https:\/\/schema.org","@type":"WebSite","@id":"https:\/\/www.tomvild.cz\/#website","name":"Tom vild","url":"https:\/\/www.tomvild.cz","potentialAction":{"@type":"SearchAction","target":"https:\/\/www.tomvild.cz\/?s={search_term_string}","query-input":"required name=search_term_string"}}]