[{"@context":"https:\/\/schema.org\/","@type":"Article","@id":"https:\/\/www.tomvild.cz\/meli-byste-byt-mozna-na-oblacku\/#Article","mainEntityOfPage":"https:\/\/www.tomvild.cz\/meli-byste-byt-mozna-na-oblacku\/","headline":"M\u011bli byste b\u00fdt mo\u017en\u00e1 na obl\u00e1\u010dku","name":"M\u011bli byste b\u00fdt mo\u017en\u00e1 na obl\u00e1\u010dku","description":"Ur\u010dit\u011b jste si v\u0161imli, \u017ee Va\u0161e emailov\u00e1 schr\u00e1nka se naplnila obchodn\u00edmi sd\u011blen\u00edmi o souhlasech s\u00a0manipulac\u00ed Va\u0161ich osobn\u00edch dat, kter\u00e9 jste uvedli v\u00a0n\u011bkter\u00fdch internetov\u00fdch obchodech. Nebo se dostanete na webov\u00e9 str\u00e1nky, kde chcete prov\u00e9st jak\u00fdkoliv \u00fakon,<a class=\"moretag\" href=\"https:\/\/www.tomvild.cz\/meli-byste-byt-mozna-na-oblacku\/\"> Read more&hellip;<\/a>","datePublished":"2018-09-01","dateModified":"2023-04-29","author":{"@type":"Person","@id":"https:\/\/www.tomvild.cz\/author\/#Person","name":"tomvild.cz","url":"https:\/\/www.tomvild.cz\/author\/","identifier":1,"image":{"@type":"ImageObject","@id":"https:\/\/secure.gravatar.com\/avatar\/d6cba3ab97c30e0df0e32548954cb6b1550f4672bd3a4687bf1118b122d757e8?s=96&d=mm&r=g","url":"https:\/\/secure.gravatar.com\/avatar\/d6cba3ab97c30e0df0e32548954cb6b1550f4672bd3a4687bf1118b122d757e8?s=96&d=mm&r=g","height":96,"width":96}},"publisher":{"@type":"Organization","name":"tomvild.cz","logo":{"@type":"ImageObject","@id":"\/logo.png","url":"\/logo.png","width":600,"height":60}},"image":{"@type":"ImageObject","@id":"https:\/\/www.tomvild.cz\/wp-content\/uploads\/img_a324251_w1988_t1536061205.jpg","url":"https:\/\/www.tomvild.cz\/wp-content\/uploads\/img_a324251_w1988_t1536061205.jpg","height":0,"width":0},"url":"https:\/\/www.tomvild.cz\/meli-byste-byt-mozna-na-oblacku\/","wordCount":403,"articleBody":"Ur\u010dit\u011b jste si v\u0161imli, \u017ee Va\u0161e emailov\u00e1 schr\u00e1nka se naplnila obchodn\u00edmi sd\u011blen\u00edmi o souhlasech s\u00a0manipulac\u00ed Va\u0161ich osobn\u00edch dat, kter\u00e9 jste uvedli v\u00a0n\u011bkter\u00fdch internetov\u00fdch obchodech. Nebo se dostanete na webov\u00e9 str\u00e1nky, kde chcete prov\u00e9st jak\u00fdkoliv \u00fakon, ale ono V\u00e1m nejprve nasko\u010d\u00ed n\u011bjak\u00e9 odsouhlasen\u00ed, bez kter\u00e9ho \u00fakon neprovedete. Dokonce i v\u00a0instituc\u00edch doch\u00e1z\u00ed ke zm\u011bn\u00e1m v\u00a0elektronick\u00e9 komunikaci. \u00a0O jak\u00e9 zm\u011bny jdeHned prvn\u00ed den po dovolen\u00e9 zji\u0161\u0165ujete, \u017ee Va\u0161e komunikace po s\u00edti dostala nov\u00fd kab\u00e1t. Mo\u017en\u00e1 ani Vy jste netu\u0161ili, \u017ee koncovka seznam v\u00a0emailov\u00e9 adrese pos\u00edl\u00e1 Va\u0161e emaily p\u0159es centr\u00e1lu n\u011bkde v\u00a0Americe. T\u00edm se nespl\u0148uje podm\u00ednka ochrany dat v\u00a0Evrop\u011b.Pr\u00e1v\u011b proto se mnoh\u00e9 instituce uchyluje ke cloudov\u00e9mu \u0159e\u0161en\u00ed, kter\u00e9 m\u00e1 prost\u0159ednictv\u00edm Office 365 centr\u00e1lu v\u00a0Evrop\u011b a data neodch\u00e1zej\u00ed jinam. Ale berte tuto informaci, jako na vysv\u011btlenou laikovi, kter\u00e9mu nen\u00ed jasn\u00e9, pro\u010d najednou mus\u00ed komunikovat p\u0159es Outlook, nebo sd\u00edlen\u00fdmi dokumenty v\u00a0pracovn\u00edch skupin\u00e1ch na onom cloudu, v\u00a0p\u0159ekladu na obl\u00e1\u010dku. Office 365 nen\u00ed \u017e\u00e1dnou \u017ehavou novinkou, ale v\u00edce instituc\u00ed se k\u00a0n\u00ed v\u00a0posledn\u00ed dob\u011b p\u0159ikl\u00e1n\u00ed.\u00b7\u00a0\u00a0\u00a0\u00a0\u00a0\u00a0\u00a0\u00a0 Zabezpe\u010den\u00ed elektronick\u00e9 komunikace z\u00e1vis\u00ed od hesla, kter\u00e9 pov\u011b\u0159en\u00e9mu zam\u011bstnanci umo\u017e\u0148uje p\u0159\u00edstup k\u00a0dat\u016fm. V\u017edycky mus\u00ed existovat smlouva v\u00a0p\u0159\u00edpad\u011b, kdy\u017e p\u0159ed\u00e1te heslo jin\u00e9mu zam\u011bstnanci.\u00b7\u00a0\u00a0\u00a0\u00a0\u00a0\u00a0\u00a0\u00a0 Ve sm\u011brnic\u00edch instituce mus\u00ed b\u00fdt jasn\u011b a p\u0159esn\u011b uvedeno, jak a kdo nakl\u00e1d\u00e1 s\u00a0p\u0159\u00edslu\u0161n\u00fdmi daty zam\u011bstnanc\u016f, p\u0159\u00edpadn\u011b dal\u0161\u00edch osob.\u00b7\u00a0\u00a0\u00a0\u00a0\u00a0\u00a0\u00a0\u00a0 Spr\u00e1vce s\u00edt\u011b mus\u00ed zabezpe\u010dit fungov\u00e1n\u00ed pravidel pro zpracovatele, pov\u011b\u0159ence, nebo u\u017eivatele. Mnohdy mus\u00ed zabezpe\u010dit, obnovit, nebo po\u0159\u00eddit odpov\u00eddaj\u00edc\u00ed server, aby se osobn\u00ed data nedostala tam, kam nemaj\u00ed.Je tato cesta \u017e\u00e1dan\u00e1? Bude m\u00edt odpov\u00eddaj\u00edc\u00ed efekt? Bylo nutn\u00e9 zaveden\u00ed GDPR v\u00a0Evrop\u011b? To teprve uk\u00e1\u017ee asi \u010das. V\u00a0ka\u017ed\u00e9m p\u0159\u00edpad\u011b bude oby\u010dejn\u00fd u\u017eivatel v\u011bd\u011bt, jak se nakl\u00e1d\u00e1 s\u00a0jeho osobn\u00edmi daty. A dal\u0161\u00ed v\u00fdhodou pro u\u017eivatele je, \u017ee m\u016f\u017ee kdykoliv sv\u016fj souhlas se zpracov\u00e1n\u00edm dat o jeho osob\u011b zru\u0161it.                                                                                                                                                                                                                                                                                                                                                                                        4.2\/5 - (11 votes)        "},{"@context":"https:\/\/schema.org\/","@type":"BreadcrumbList","itemListElement":[{"@type":"ListItem","position":1,"name":"M\u011bli byste b\u00fdt mo\u017en\u00e1 na obl\u00e1\u010dku","item":"https:\/\/www.tomvild.cz\/meli-byste-byt-mozna-na-oblacku\/#breadcrumbitem"}]}]