[{"@context":"https:\/\/schema.org\/","@type":"Article","@id":"https:\/\/www.tomvild.cz\/kdyz-odejde-teple-pocasi\/#Article","mainEntityOfPage":"https:\/\/www.tomvild.cz\/kdyz-odejde-teple-pocasi\/","headline":"Kdy\u017e odejde tepl\u00e9 po\u010das\u00ed","name":"Kdy\u017e odejde tepl\u00e9 po\u010das\u00ed","description":"P\u0159\u00edchod podzimu a celkov\u00e9 ochlazen\u00ed neznamen\u00e1, \u017ee mus\u00edme propad smutku a m\u00edt otr\u00e1venou n\u00e1ladu dvacet \u010dty\u0159i hodin denn\u011b. Mus\u00edte si ve v\u0161em v\u017edy naj\u00edt to kr\u00e1sn\u00e9. A na podzimu je toho hodn\u011b kr\u00e1sn\u00e9ho. To, \u017ee<a class=\"moretag\" href=\"https:\/\/www.tomvild.cz\/kdyz-odejde-teple-pocasi\/\"> Read more&hellip;<\/a>","datePublished":"2019-02-20","dateModified":"2023-04-29","author":{"@type":"Person","@id":"https:\/\/www.tomvild.cz\/author\/#Person","name":"tomvild.cz","url":"https:\/\/www.tomvild.cz\/author\/","identifier":1,"image":{"@type":"ImageObject","@id":"https:\/\/secure.gravatar.com\/avatar\/d6cba3ab97c30e0df0e32548954cb6b1550f4672bd3a4687bf1118b122d757e8?s=96&d=mm&r=g","url":"https:\/\/secure.gravatar.com\/avatar\/d6cba3ab97c30e0df0e32548954cb6b1550f4672bd3a4687bf1118b122d757e8?s=96&d=mm&r=g","height":96,"width":96}},"publisher":{"@type":"Organization","name":"tomvild.cz","logo":{"@type":"ImageObject","@id":"\/logo.png","url":"\/logo.png","width":600,"height":60}},"image":{"@type":"ImageObject","@id":"https:\/\/www.tomvild.cz\/wp-content\/uploads\/img_a338178_w2411_t1551006120.jpg","url":"https:\/\/www.tomvild.cz\/wp-content\/uploads\/img_a338178_w2411_t1551006120.jpg","height":0,"width":0},"url":"https:\/\/www.tomvild.cz\/kdyz-odejde-teple-pocasi\/","about":["V\u00fdrobky"],"wordCount":460,"articleBody":"P\u0159\u00edchod podzimu a celkov\u00e9 ochlazen\u00ed neznamen\u00e1, \u017ee mus\u00edme propad smutku a m\u00edt otr\u00e1venou n\u00e1ladu dvacet \u010dty\u0159i hodin denn\u011b. Mus\u00edte si ve v\u0161em v\u017edy naj\u00edt to kr\u00e1sn\u00e9. A na podzimu je toho hodn\u011b kr\u00e1sn\u00e9ho. To, \u017ee se lou\u010d\u00edme se slun\u00ed\u010dkem a dlouh\u00fdmi ve\u010dery, kter\u00e9 jsme tr\u00e1vili s\u00a0p\u0159\u00e1teli u z\u00e1padu Slunce, neznamen\u00e1, \u017ee se zabarik\u00e1dujeme doma na gau\u010di a do jara op\u011bt nevystr\u010d\u00edme nos ze dve\u0159\u00ed. Nevzd\u00e1vejte se sv\u00fdch n\u00e1vyk\u016f z\u00a0l\u00e9ta. Ano, odlo\u017eili jsme bikiny a kr\u00e1tk\u00e9 sukn\u011b, ale to je v\u0161e. Sv\u011bt je po\u0159\u00e1d stejn\u00fd a m\u00edrn\u00e9 ochlazen\u00ed V\u00e1m naopak d\u00e1v\u00e1 mnohem v\u00edce mo\u017enost\u00ed pro sport a v\u00fdlety do p\u0159\u00edrody. Nesu\u017euje V\u00e1s u\u017e ne\u00fanosn\u00e9 vedro a Vy m\u016f\u017eete prochodit cel\u00e9 dny na \u010derstv\u00e9m vzduchu bez toho, \u017ee ve\u010der lehnete s\u00a0tvarohem na \u010dele kv\u016fli \u00fapalu \u010di \u00fa\u017eehu.Nepodce\u0148ujte ale imunitu. Nikdy nen\u00ed brzo na vytv\u00e1\u0159en\u00ed pot\u0159ebn\u00e9 imunity na zimu. Jezte hodn\u011b ovoce, zeleniny a nam\u00edsto sladk\u00fdch pit\u00ed zvolte \u010derstv\u00e9 \u0161\u0165\u00e1vy, kter\u00e9 jsou dnes k\u00a0sehn\u00e1n\u00ed opravdu na ka\u017ed\u00e9m rohu. Samoz\u0159ejm\u011b se mus\u00edme v\u00edce obl\u00e9kat, ale zase to nen\u00ed pot\u0159eba tolik p\u0159eh\u00e1n\u011bt. Vytr\u00e9nujte sv\u00e9 t\u011blo k\u00a0otu\u017eilosti. V\u00a0zim\u011b za to budete v\u00edce ne\u017e vd\u011b\u010dn\u00ed.Po\u0159\u00e1dejte i nad\u00e1le kr\u00e1sn\u00e9 ve\u010dery s\u00a0p\u0159\u00e1teli. To, \u017ee u\u017e venku nen\u00ed teplo a sv\u011btlo neznamen\u00e1, \u017ee se p\u0159eci p\u0159estanete v\u00eddat. Ud\u011blejte si t\u0159eba filmov\u00fd, hern\u00ed nebo jen prost\u011b spole\u010densk\u00fd ve\u010der. P\u0159ipravte n\u011bco dobr\u00e9ho k\u00a0sn\u011bdku, kupte kvalitn\u00ed v\u00edno a ve\u010d\u00edrek m\u016f\u017ee za\u010d\u00edt. Mus\u00edte se v\u00a0t\u011bchto dnech obklopovat pozitivn\u00ed energi\u00ed, nebo\u0165 \u010dlov\u011bk m\u00e1 s\u00a0\u00fabytek tepla a sv\u011btla p\u0159irozen\u011b sklony k\u00a0pochmurn\u011bj\u0161\u00edm n\u00e1lad\u00e1m a je \u010dasto bez chuti do \u017eivota.U\u017eijte si podzim. Pamatujte na to, \u017ee podzim je p\u0159\u00edpravou na zimu, tak ho tak berte a tuto mo\u017enost, co n\u00e1m p\u0159\u00edroda d\u00e1v\u00e1 pat\u0159i\u010dn\u011b vyu\u017eijte. Po p\u0159\u00edchodu zimy u\u017e budete jen horko t\u011b\u017eko n\u011bco doh\u00e1n\u011bt, kdy\u017e V\u00e1\u0161 organismus nebude ve form\u011b.Hlavn\u011b nikam nesp\u011bchejte a v\u0161e berte s\u00a0klidem. S\u00a0p\u0159\u00edchodem nov\u00e9ho \u0161koln\u00edho roku m\u016f\u017ee b\u00fdt doma pom\u011brn\u011b ru\u0161no. Vzpom\u00ednejte na kr\u00e1sn\u00e9 chv\u00edle z\u00a0l\u00e9ta a nab\u00edjejte se tak pocitem \u0161t\u011bst\u00ed a radosti ze \u017eivota!                                                                                                                                                                                                                                                                                                                                                                                        4.2\/5 - (9 votes)        "},{"@context":"https:\/\/schema.org\/","@type":"BreadcrumbList","itemListElement":[{"@type":"ListItem","position":1,"name":"Kdy\u017e odejde tepl\u00e9 po\u010das\u00ed","item":"https:\/\/www.tomvild.cz\/kdyz-odejde-teple-pocasi\/#breadcrumbitem"}]}]