[{"@context":"https:\/\/schema.org\/","@type":"Article","@id":"https:\/\/www.tomvild.cz\/i-deti-absolvuji-plastiky\/#Article","mainEntityOfPage":"https:\/\/www.tomvild.cz\/i-deti-absolvuji-plastiky\/","headline":"I d\u011bti absolvuj\u00ed plastiky","name":"I d\u011bti absolvuj\u00ed plastiky","description":"Kdy\u017e se \u0159ekne slovo plastika, drtivou v\u011bt\u0161inu z v\u00e1s napadne pr\u00e1v\u011b plastika prsou. Je to snad nejvyhled\u00e1van\u011bj\u0161\u00ed plastick\u00e1 operace, kter\u00e1 je zn\u00e1m\u00e1 \u0161irok\u00e9 ve\u0159ejnosti. O \u010dem se ale moc nemluv\u00ed, nebo ani nechce mluvit je<a class=\"moretag\" href=\"https:\/\/www.tomvild.cz\/i-deti-absolvuji-plastiky\/\"> Read more&hellip;<\/a>","datePublished":"2025-03-01","dateModified":"2023-04-29","author":{"@type":"Person","@id":"https:\/\/www.tomvild.cz\/author\/#Person","name":"tomvild.cz","url":"https:\/\/www.tomvild.cz\/author\/","identifier":1,"image":{"@type":"ImageObject","@id":"https:\/\/secure.gravatar.com\/avatar\/d6cba3ab97c30e0df0e32548954cb6b1550f4672bd3a4687bf1118b122d757e8?s=96&d=mm&r=g","url":"https:\/\/secure.gravatar.com\/avatar\/d6cba3ab97c30e0df0e32548954cb6b1550f4672bd3a4687bf1118b122d757e8?s=96&d=mm&r=g","height":96,"width":96}},"publisher":{"@type":"Organization","name":"tomvild.cz","logo":{"@type":"ImageObject","@id":"\/logo.png","url":"\/logo.png","width":600,"height":60}},"image":{"@type":"ImageObject","@id":"https:\/\/www.tomvild.cz\/wp-content\/uploads\/img_a304896_w2411_t1516126759.jpg","url":"https:\/\/www.tomvild.cz\/wp-content\/uploads\/img_a304896_w2411_t1516126759.jpg","height":0,"width":0},"url":"https:\/\/www.tomvild.cz\/i-deti-absolvuji-plastiky\/","about":["Vzd\u011bl\u00e1n\u00ed"],"wordCount":415,"articleBody":"Kdy\u017e se \u0159ekne slovo plastika, drtivou v\u011bt\u0161inu z v\u00e1s napadne pr\u00e1v\u011b plastika prsou. Je to snad nejvyhled\u00e1van\u011bj\u0161\u00ed plastick\u00e1 operace, kter\u00e1 je zn\u00e1m\u00e1 \u0161irok\u00e9 ve\u0159ejnosti. O \u010dem se ale moc nemluv\u00ed, nebo ani nechce mluvit je to, \u017ee i mal\u00e9 d\u011bti, jsou n\u011bkdy nuceni absolvovat plastick\u00e9 operace  a to ne tak dobrovoln\u011b, jako na za\u010d\u00e1tku zmi\u0148ovan\u00e9 \u017eeny. Nedokonalosti, nebo v\u00fd\u010dn\u011blky St\u00e1v\u00e1 se bohu\u017eel \u010dasto, \u017ee se d\u00edt\u011b narod\u00ed s n\u011bjak\u00fdm p\u0159ebyte\u010dn\u00fdm v\u00fd\u010dn\u011blkem, nebo \u00fakazem na sv\u00e9m t\u011ble. Jedn\u00e1 se p\u0159itom jenom o estetickou \u010d\u00e1st, kter\u00e1 nijak neohro\u017euje v\u00fdvoj a zdrav\u00ed d\u00edt\u011bte, ov\u0161em pozd\u011bji m\u016f\u017ee nad\u011blat spoustu nep\u0159\u00edjemnost\u00ed a probl\u00e9m\u016f. Mezi takov\u00e9 \u201enepatrn\u00e9\u201c nedokonalosti pat\u0159\u00ed t\u0159eba roz\u0161t\u011bp rt\u016f, nadpo\u010detn\u00e9 prsty na rukou, nebo nohou, mate\u0159sk\u00e1 znam\u00e9nka, nebo t\u0159eba tolik zn\u00e1m\u00e9 odst\u00e1vaj\u00edc\u00ed u\u0161\u00ed. V\u0161e se d\u00e1 napravit pomoc\u00ed plastiky, kterou d\u00edt\u011b absolvuje zpravidla a\u017e po t\u0159et\u00edm roce, kv\u016fli nark\u00f3ze. Kdy\u017e d\u00edt\u011b postihne \u00faraz N\u011bkdy se va\u0161e d\u011bti dostanou do situace, kdy si zp\u016fsob\u00ed \u00faraz, nebo k n\u011bmu n\u011bjak\u00fdm zp\u016fsobem p\u0159ijdou. Nen\u00ed to nic neobvykl\u00e9, ov\u0161em n\u011bkdy jsou jeho n\u00e1sledky mnohem z\u00e1va\u017en\u011bj\u0161\u00edho charakteru, n\u011b\u017e byste si p\u0159\u00e1li. V takov\u00e9m p\u0159\u00edpad\u011b je dobr\u00e9, kdy\u017e pouva\u017eujete nad mo\u017enost\u00ed plastiky, kter\u00e1 mu m\u016f\u017ee pomoct vr\u00e1tit v\u0161e do po\u0159\u00e1dku. Jestli je va\u0161e d\u00edt\u011b u\u017e star\u0161\u00ed, nezapome\u0148te to s n\u00edm v\u0161echno pat\u0159i\u010dn\u011b probrat a prodiskutovat v\u0161echny mo\u017enosti. Dejte mu najevo, \u017ee mu chcete do budoucna pomoct, ale v \u017e\u00e1dn\u00e9m p\u0159\u00edpad\u011b byste ho nem\u011bli nutit j\u00edt hned pod n\u016f\u017e. \u010casem se k tomuto rozhodnut\u00ed m\u016f\u017ee p\u0159iklonit samo.Pro\u010d zv\u00e1\u017eit plastiku va\u0161eho d\u00edt\u011bte ve v\u010dasn\u00e9m v\u011bku? &#8211; uchr\u00e1n\u00edte ho od pozornosti a ot\u00e1zek ostatn\u00edch d\u011bt\u00ed &#8211; rekonvalescence je rychl\u00e1, ale v\u011bkem u\u017e nen\u00ed ani poznat &#8211; zbav\u00edte ho strachu z pozd\u011bj\u0161\u00edch obav a my\u0161lenek, jak to dopadne &#8211; umo\u017en\u00edte mu l\u00e9pe fungovat a c\u00edtit se naprosto v po\u0159\u00e1dku &#8211; d\u00e1te mu mo\u017enost pro\u017e\u00edt d\u011btstv\u00ed bez sebemen\u0161\u00edch probl\u00e9m\u016f                                                                                                                                                                                                                                                                                                                                                                                        4.2\/5 - (5 votes)        "},{"@context":"https:\/\/schema.org\/","@type":"BreadcrumbList","itemListElement":[{"@type":"ListItem","position":1,"name":"I d\u011bti absolvuj\u00ed plastiky","item":"https:\/\/www.tomvild.cz\/i-deti-absolvuji-plastiky\/#breadcrumbitem"}]}]