{"@context":"https:\/\/schema.org\/","@type":"CollectionPage","@id":"https:\/\/www.tomvild.cz\/dovolena\/#CollectionPage","headline":"Dovolen\u00e1 Category","description":"","url":"https:\/\/www.tomvild.cz\/dovolena\/","hasPart":[{"@type":"Article","@id":"https:\/\/www.tomvild.cz\/dovolena-na-kanarskych-ostrovech\/","headline":"Dovolen\u00e1 na Kan\u00e1rsk\u00fdch ostrovech","url":"https:\/\/www.tomvild.cz\/dovolena-na-kanarskych-ostrovech\/","datePublished":"2025-03-04","dateModified":"2023-04-29","mainEntityOfPage":"https:\/\/www.tomvild.cz\/dovolena-na-kanarskych-ostrovech\/","author":{"@type":"Person","@id":"https:\/\/www.tomvild.cz\/author\/#Person","name":"tomvild.cz","url":"https:\/\/www.tomvild.cz\/author\/","identifier":1,"image":{"@type":"ImageObject","@id":"https:\/\/secure.gravatar.com\/avatar\/d6cba3ab97c30e0df0e32548954cb6b1550f4672bd3a4687bf1118b122d757e8?s=96&d=mm&r=g","url":"https:\/\/secure.gravatar.com\/avatar\/d6cba3ab97c30e0df0e32548954cb6b1550f4672bd3a4687bf1118b122d757e8?s=96&d=mm&r=g","height":96,"width":96}},"publisher":{"@type":"Organization","name":"tomvild.cz","logo":{"@type":"ImageObject","@id":"\/logo.png","url":"\/logo.png","width":600,"height":60}},"image":{"@type":"ImageObject","@id":"https:\/\/www.tomvild.cz\/wp-content\/uploads\/img_a311996_w2411_t1523041977.jpg","url":"https:\/\/www.tomvild.cz\/wp-content\/uploads\/img_a311996_w2411_t1523041977.jpg","height":0,"width":0},"keywords":null},{"@type":"Article","@id":"https:\/\/www.tomvild.cz\/lenosenim-u-vody-dovolenou-promrhate\/","headline":"Leno\u0161en\u00edm u vody dovolenou promrh\u00e1te","url":"https:\/\/www.tomvild.cz\/lenosenim-u-vody-dovolenou-promrhate\/","datePublished":"2025-03-03","dateModified":"2023-04-29","mainEntityOfPage":"https:\/\/www.tomvild.cz\/lenosenim-u-vody-dovolenou-promrhate\/","author":{"@type":"Person","@id":"https:\/\/www.tomvild.cz\/author\/#Person","name":"tomvild.cz","url":"https:\/\/www.tomvild.cz\/author\/","identifier":1,"image":{"@type":"ImageObject","@id":"https:\/\/secure.gravatar.com\/avatar\/d6cba3ab97c30e0df0e32548954cb6b1550f4672bd3a4687bf1118b122d757e8?s=96&d=mm&r=g","url":"https:\/\/secure.gravatar.com\/avatar\/d6cba3ab97c30e0df0e32548954cb6b1550f4672bd3a4687bf1118b122d757e8?s=96&d=mm&r=g","height":96,"width":96}},"publisher":{"@type":"Organization","name":"tomvild.cz","logo":{"@type":"ImageObject","@id":"\/logo.png","url":"\/logo.png","width":600,"height":60}},"image":{"@type":"ImageObject","@id":"https:\/\/www.tomvild.cz\/wp-content\/uploads\/img_a308038_w2411_t1519166515.jpg","url":"https:\/\/www.tomvild.cz\/wp-content\/uploads\/img_a308038_w2411_t1519166515.jpg","height":0,"width":0},"keywords":null},{"@type":"Article","@id":"https:\/\/www.tomvild.cz\/na-dovolenou-by-si-mel-najit-cas-kazdy\/","headline":"Na dovolenou by si m\u011bl naj\u00edt \u010das ka\u017ed\u00fd","url":"https:\/\/www.tomvild.cz\/na-dovolenou-by-si-mel-najit-cas-kazdy\/","datePublished":"2022-10-21","dateModified":"2023-04-29","mainEntityOfPage":"https:\/\/www.tomvild.cz\/na-dovolenou-by-si-mel-najit-cas-kazdy\/","author":{"@type":"Person","@id":"https:\/\/www.tomvild.cz\/author\/#Person","name":"tomvild.cz","url":"https:\/\/www.tomvild.cz\/author\/","identifier":1,"image":{"@type":"ImageObject","@id":"https:\/\/secure.gravatar.com\/avatar\/d6cba3ab97c30e0df0e32548954cb6b1550f4672bd3a4687bf1118b122d757e8?s=96&d=mm&r=g","url":"https:\/\/secure.gravatar.com\/avatar\/d6cba3ab97c30e0df0e32548954cb6b1550f4672bd3a4687bf1118b122d757e8?s=96&d=mm&r=g","height":96,"width":96}},"publisher":{"@type":"Organization","name":"tomvild.cz","logo":{"@type":"ImageObject","@id":"\/logo.png","url":"\/logo.png","width":600,"height":60}},"image":{"@type":"ImageObject","@id":"https:\/\/www.tomvild.cz\/wp-content\/uploads\/dovo_4.JPG","url":"https:\/\/www.tomvild.cz\/wp-content\/uploads\/dovo_4.JPG","height":0,"width":0},"keywords":null},{"@type":"Article","@id":"https:\/\/www.tomvild.cz\/prodlouzeny-prodlouzeny-vikend\/","headline":"Prodlou\u017een\u00fd prodlou\u017een\u00fd v\u00edkend","url":"https:\/\/www.tomvild.cz\/prodlouzeny-prodlouzeny-vikend\/","datePublished":"2022-05-13","dateModified":"2022-05-13","mainEntityOfPage":"https:\/\/www.tomvild.cz\/prodlouzeny-prodlouzeny-vikend\/","author":{"@type":"Person","@id":"https:\/\/www.tomvild.cz\/author\/#Person","name":"tomvild.cz","url":"https:\/\/www.tomvild.cz\/author\/","identifier":1,"image":{"@type":"ImageObject","@id":"https:\/\/secure.gravatar.com\/avatar\/d6cba3ab97c30e0df0e32548954cb6b1550f4672bd3a4687bf1118b122d757e8?s=96&d=mm&r=g","url":"https:\/\/secure.gravatar.com\/avatar\/d6cba3ab97c30e0df0e32548954cb6b1550f4672bd3a4687bf1118b122d757e8?s=96&d=mm&r=g","height":96,"width":96}},"publisher":{"@type":"Organization","name":"tomvild.cz","logo":{"@type":"ImageObject","@id":"\/logo.png","url":"\/logo.png","width":600,"height":60}},"image":{"@type":"ImageObject","@id":"https:\/\/www.tomvild.cz\/wp-content\/uploads\/donated-gdd42bac1d_640_1.jpg","url":"https:\/\/www.tomvild.cz\/wp-content\/uploads\/donated-gdd42bac1d_640_1.jpg","height":0,"width":0},"keywords":null},{"@type":"Article","@id":"https:\/\/www.tomvild.cz\/dovolena-s-rodinou-pro-jakou-se-rozhodnout\/","headline":"Dovolen\u00e1 s rodinou, pro jakou se rozhodnout?","url":"https:\/\/www.tomvild.cz\/dovolena-s-rodinou-pro-jakou-se-rozhodnout\/","datePublished":"2021-11-08","dateModified":"2021-11-08","mainEntityOfPage":"https:\/\/www.tomvild.cz\/dovolena-s-rodinou-pro-jakou-se-rozhodnout\/","author":{"@type":"Person","@id":"https:\/\/www.tomvild.cz\/author\/#Person","name":"tomvild.cz","url":"https:\/\/www.tomvild.cz\/author\/","identifier":1,"image":{"@type":"ImageObject","@id":"https:\/\/secure.gravatar.com\/avatar\/d6cba3ab97c30e0df0e32548954cb6b1550f4672bd3a4687bf1118b122d757e8?s=96&d=mm&r=g","url":"https:\/\/secure.gravatar.com\/avatar\/d6cba3ab97c30e0df0e32548954cb6b1550f4672bd3a4687bf1118b122d757e8?s=96&d=mm&r=g","height":96,"width":96}},"publisher":{"@type":"Organization","name":"tomvild.cz","logo":{"@type":"ImageObject","@id":"\/logo.png","url":"\/logo.png","width":600,"height":60}},"image":{"@type":"ImageObject","@id":"https:\/\/www.tomvild.cz\/wp-content\/uploads\/seychelles-1730082_960_720.jpg","url":"https:\/\/www.tomvild.cz\/wp-content\/uploads\/seychelles-1730082_960_720.jpg","height":0,"width":0},"keywords":null}]}