[{"@context":"https:\/\/schema.org\/","@type":"Article","@id":"https:\/\/www.tomvild.cz\/designeri-bytu\/#Article","mainEntityOfPage":"https:\/\/www.tomvild.cz\/designeri-bytu\/","headline":"Design\u00e9\u0159i byt\u016f","name":"Design\u00e9\u0159i byt\u016f","description":"P\u0159\u00e1tel\u00e9, p\u0159em\u00fd\u0161leli jste n\u011bkdy nad t\u00edm, \u017ee byste si dom\u016f n\u011bkdy pozvali t\u0159eba bytov\u00e9ho architekta? J\u00e1 jsem nad t\u00edm u\u017e n\u011bkolikr\u00e1t uva\u017eovala a p\u0159em\u00fd\u0161lela jsem o tom, ale v\u017edy jsem si \u0159ekla, co kdy\u017e se<a class=\"moretag\" href=\"https:\/\/www.tomvild.cz\/designeri-bytu\/\"> Read more&hellip;<\/a>","datePublished":"2022-04-27","dateModified":"2023-04-29","author":{"@type":"Person","@id":"https:\/\/www.tomvild.cz\/author\/#Person","name":"tomvild.cz","url":"https:\/\/www.tomvild.cz\/author\/","identifier":1,"image":{"@type":"ImageObject","@id":"https:\/\/secure.gravatar.com\/avatar\/d6cba3ab97c30e0df0e32548954cb6b1550f4672bd3a4687bf1118b122d757e8?s=96&d=mm&r=g","url":"https:\/\/secure.gravatar.com\/avatar\/d6cba3ab97c30e0df0e32548954cb6b1550f4672bd3a4687bf1118b122d757e8?s=96&d=mm&r=g","height":96,"width":96}},"publisher":{"@type":"Organization","name":"tomvild.cz","logo":{"@type":"ImageObject","@id":"\/logo.png","url":"\/logo.png","width":600,"height":60}},"image":{"@type":"ImageObject","@id":"https:\/\/www.tomvild.cz\/wp-content\/uploads\/star%C3%A9%20schody_1.JPG","url":"https:\/\/www.tomvild.cz\/wp-content\/uploads\/star%C3%A9%20schody_1.JPG","height":0,"width":0},"url":"https:\/\/www.tomvild.cz\/designeri-bytu\/","about":["Bydlen\u00ed"],"wordCount":461,"articleBody":"        P\u0159\u00e1tel\u00e9, p\u0159em\u00fd\u0161leli jste n\u011bkdy nad t\u00edm, \u017ee byste si dom\u016f n\u011bkdy pozvali t\u0159eba bytov\u00e9ho architekta? J\u00e1 jsem nad t\u00edm u\u017e n\u011bkolikr\u00e1t uva\u017eovala a p\u0159em\u00fd\u0161lela jsem o tom, ale v\u017edy jsem si \u0159ekla, co kdy\u017e se mi pak jeho pr\u00e1ce nebude l\u00edbit? Budu ji muset zaplatit? V\u00edte, nem\u00e1m moc pen\u011bz na rozhazov\u00e1n\u00ed, ale zase miluji architekturu a r\u00e1da podpo\u0159\u00edm m\u00edstn\u00ed bytov\u00e9 architekty v Praze Bydesign. A tak jsem si pro za\u010d\u00e1tek sh\u00e1n\u011bla jen n\u011bjak\u00e9 informace a hledala jsem taky n\u011bjak\u00e9ho bytov\u00e9ho architekta, aby byl p\u0159\u00edmo z Prahy, aby to ke mn\u011b nem\u011bl daleko. Bydl\u00edm v centru Prahy, tak\u017ee mysl\u00edm, \u017ee hled\u00e1n\u00ed bude z\u00e1bava. A taky \u017ee ano! Kousek od sv\u00e9ho bydli\u0161t\u011b jsem na\u0161la jednoho bytov\u00e9ho architekta a kter\u00fd m\u011bl k m\u00e9mu \u0161t\u011bst\u00ed opravdu sam\u00e9 kladn\u00e9 recenze. Byla jsem r\u00e1da, \u017ee jsem na\u0161la bytov\u00e9ho architekta v Praze tak rychle, a nav\u00edc v tom \u010dase, kdy je v\u011bt\u0161inou pr\u00fd zabran\u00fd. Pr\u00fd m\u00e1m ale \u0161t\u011bst\u00ed, proto\u017ee mi \u0159ekl, \u017ee mu jedna klientka od\u0159ekla pr\u00e1ci, tak je voln\u00fd. A tak jsme si spolu sedli v kr\u00e1sn\u00e9 jeho designov\u00e9 kancel\u00e1\u0159i a pov\u00eddali jsme si o designu a interi\u00e9ru byt\u016f. Kdy\u017e jsem mu v\u0161echno \u0159ekla, jak bych si v\u0161echno doma p\u0159edstavovala a jak\u00fd m\u00e1m vkus, tak mi ihned ud\u011blal p\u00e1r n\u00e1\u010drt\u016f a taky mi uk\u00e1zal sv\u00e9 tipy na po\u010d\u00edta\u010di. A mus\u00edm uznat, \u017ee p\u00e1n architekt se v tom v\u00e1\u017en\u011b vyzn\u00e1, mus\u00edm \u0159\u00edct, \u017ee to byla v\u00e1\u017en\u011b kr\u00e1sa k pohled\u00e1n\u00ed. A tak nebylo divu, \u017ee jsme si u m\u011b doma dohodli sch\u016fzku. Byla jsem jako na trn\u00ed a taky nerv\u00f3zn\u00ed, \u017ee ke mn\u011b dom\u016f p\u0159ijde prav\u00fd odborn\u00edk na architekturu byt\u016f. A je\u0161t\u011b k tomu je z Prahy, kde jsou pr\u00fd v\u0161ichni v\u00fdborn\u00ed a sv\u00e9 pr\u00e1ci rozum\u00ed. A o tom jsem se v\u00e1\u017en\u011b p\u0159esv\u011bd\u010dila. M\u016fj objednan\u00fd architekt byl v\u00e1\u017en\u011b na jedni\u010dku. B\u011bhem t\u00fddne jsem bydlela skoro v nov\u00e9m byt\u011b, v\u016fbec jsem ho nepozn\u00e1vala a jeho prom\u011bna byla v\u00e1\u017en\u011b dokonal\u00e1. A cena? Ta byla p\u0159\u00edjemn\u00e1. Tak\u017ee pokud nad t\u00edm uva\u017eujete, koukn\u011bte se sem a uvid\u00edte na na\u0161ich webov\u00fdch str\u00e1nk\u00e1ch. Mysl\u00edm, \u017ee ka\u017ed\u00fd si najde toho sv\u00e9ho bytov\u00e9ho architekta. A to nejenom z Prahy. Hodn\u011b \u0161t\u011bst\u00ed.                                                                                                                                                                                                                                                                                                                                                                                          4.1\/5 - (7 votes)        "},{"@context":"https:\/\/schema.org\/","@type":"BreadcrumbList","itemListElement":[{"@type":"ListItem","position":1,"name":"Design\u00e9\u0159i byt\u016f","item":"https:\/\/www.tomvild.cz\/designeri-bytu\/#breadcrumbitem"}]}]